{"id":68,"date":"2015-02-23T09:37:46","date_gmt":"2015-02-23T09:37:46","guid":{"rendered":"https:\/\/epa.de\/filter\/en\/?p=68"},"modified":"2016-03-29T12:57:27","modified_gmt":"2016-03-29T12:57:27","slug":"fairs_2015","status":"publish","type":"post","link":"https:\/\/epa.de\/filter\/en\/fairs_2015\/","title":{"rendered":"Trade fairs 2015"},"content":{"rendered":"<h3><strong>We invite you to visit EPA on traid fair!<br \/>\nDiscover new products in the EMC and filter technology <\/strong><\/h3>\n<table>\n<tbody>\n<tr>\n<td style=\"text-align: left;\" width=\"400\"><a href=\"https:\/\/epa.de\/filter\/de\/wp-content\/uploads\/sites\/3\/2015\/02\/eltefa.gif\" data-rel=\"lightbox-image-0\" data-rl_title=\"\" data-rl_caption=\"\" title=\"\"><img loading=\"lazy\" decoding=\"async\" class=\"alignleft size-full wp-image-176\" src=\"https:\/\/epa.de\/filter\/de\/wp-content\/uploads\/sites\/3\/2015\/02\/eltefa.gif\" alt=\"eltefa\" width=\"238\" height=\"118\" \/><\/a><\/td>\n<td width=\"341\"><a href=\"https:\/\/epa.de\/filter\/de\/wp-content\/uploads\/sites\/3\/2015\/02\/Logo_EMV_20151.jpg\" data-rel=\"lightbox-image-1\" data-rl_title=\"\" data-rl_caption=\"\" title=\"\"><img loading=\"lazy\" decoding=\"async\" class=\"alignleft size-full wp-image-179\" src=\"https:\/\/epa.de\/filter\/de\/wp-content\/uploads\/sites\/3\/2015\/02\/Logo_EMV_20151.jpg\" alt=\"Logo_EMV_2015\" width=\"310\" height=\"66\" \/><\/a><\/td>\n<td width=\"5\"><\/td>\n<\/tr>\n<tr>\n<td width=\"400\">18.-20.03.2015 in Stuttgart<\/td>\n<td width=\"341\">24.-26.03.2015 in Stuttgart<\/td>\n<td width=\"5\"><\/td>\n<\/tr>\n<tr>\n<td width=\"400\"><a href=\"https:\/\/epa.de\/filter\/de\/wp-content\/uploads\/sites\/3\/2015\/02\/Logo_Praxisforum_Antriebstechnik.jpg\" data-rel=\"lightbox-image-2\" data-rl_title=\"\" data-rl_caption=\"\" title=\"\"><img loading=\"lazy\" decoding=\"async\" class=\"alignleft  wp-image-177\" src=\"https:\/\/epa.de\/filter\/de\/wp-content\/uploads\/sites\/3\/2015\/02\/Logo_Praxisforum_Antriebstechnik.jpg\" alt=\"Logo_Praxisforum_Antriebstechnik\" width=\"277\" height=\"52\" \/><\/a><\/td>\n<td width=\"341\"><a href=\"https:\/\/epa.de\/filter\/de\/wp-content\/uploads\/sites\/3\/2015\/02\/Logo_PCIM.gif\" data-rel=\"lightbox-image-3\" data-rl_title=\"\" data-rl_caption=\"\" title=\"\"><img loading=\"lazy\" decoding=\"async\" class=\"alignleft size-full wp-image-183\" src=\"https:\/\/epa.de\/filter\/de\/wp-content\/uploads\/sites\/3\/2015\/02\/Logo_PCIM.gif\" alt=\"Logo_PCIM\" width=\"238\" height=\"118\" \/><\/a><\/td>\n<td width=\"5\"><\/td>\n<\/tr>\n<tr>\n<td width=\"400\">25.03.2015 in W\u00fcrzburg<\/td>\n<td width=\"341\">19.-21.05.2015 in N\u00fcrnberg (Nuremberg)<\/td>\n<td width=\"5\"><\/td>\n<\/tr>\n<tr>\n<td width=\"400\"><a href=\"https:\/\/epa.de\/filter\/de\/wp-content\/uploads\/sites\/3\/2015\/02\/hmi-logo.jpg\" data-rel=\"lightbox-image-4\" data-rl_title=\"\" data-rl_caption=\"\" title=\"\"><img loading=\"lazy\" decoding=\"async\" class=\"alignleft size-full wp-image-181\" src=\"https:\/\/epa.de\/filter\/de\/wp-content\/uploads\/sites\/3\/2015\/02\/hmi-logo.jpg\" alt=\"hmi-logo\" width=\"200\" height=\"100\" \/><\/a><\/td>\n<td width=\"341\"><a href=\"https:\/\/epa.de\/filter\/de\/wp-content\/uploads\/sites\/3\/2015\/02\/sps-logo.jpg\" data-rel=\"lightbox-image-5\" data-rl_title=\"\" data-rl_caption=\"\" title=\"\"><img loading=\"lazy\" decoding=\"async\" class=\"alignleft size-full wp-image-174\" src=\"https:\/\/epa.de\/filter\/de\/wp-content\/uploads\/sites\/3\/2015\/02\/sps-logo.jpg\" alt=\"sps-logo\" width=\"200\" height=\"100\" \/><\/a><\/td>\n<td><\/td>\n<\/tr>\n<tr>\n<td width=\"400\">13.-17.04.2015 in Hannover<\/td>\n<td width=\"341\">24.-26.11.2015 in N\u00fcrnberg (Nuremberg)<\/td>\n<td><\/td>\n<\/tr>\n<\/tbody>\n<\/table>\n<p><\/p>\n","protected":false},"excerpt":{"rendered":"<p>We invite you to visit EPA on traid fair! Discover new products in the EMC and filter technology 18.-20.03.2015 in Stuttgart 24.-26.03.2015 in Stuttgart 25.03.2015 in W\u00fcrzburg 19.-21.05.2015 in N\u00fcrnberg (Nuremberg) 13.-17.04.2015 in Hannover 24.-26.11.2015 in N\u00fcrnberg (Nuremberg)<\/p>\n","protected":false},"author":1,"featured_media":499,"comment_status":"open","ping_status":"open","sticky":false,"template":"","format":"standard","meta":{"footnotes":""},"categories":[1],"tags":[],"class_list":["post-68","post","type-post","status-publish","format-standard","has-post-thumbnail","hentry","category-allgemein"],"publishpress_future_action":{"enabled":false,"date":"2026-05-05 10:53:49","action":"change-status","newStatus":"draft","terms":[],"taxonomy":"category","extraData":[]},"publishpress_future_workflow_manual_trigger":{"enabledWorkflows":[]},"_links":{"self":[{"href":"https:\/\/epa.de\/filter\/en\/wp-json\/wp\/v2\/posts\/68","targetHints":{"allow":["GET"]}}],"collection":[{"href":"https:\/\/epa.de\/filter\/en\/wp-json\/wp\/v2\/posts"}],"about":[{"href":"https:\/\/epa.de\/filter\/en\/wp-json\/wp\/v2\/types\/post"}],"author":[{"embeddable":true,"href":"https:\/\/epa.de\/filter\/en\/wp-json\/wp\/v2\/users\/1"}],"replies":[{"embeddable":true,"href":"https:\/\/epa.de\/filter\/en\/wp-json\/wp\/v2\/comments?post=68"}],"version-history":[{"count":7,"href":"https:\/\/epa.de\/filter\/en\/wp-json\/wp\/v2\/posts\/68\/revisions"}],"predecessor-version":[{"id":500,"href":"https:\/\/epa.de\/filter\/en\/wp-json\/wp\/v2\/posts\/68\/revisions\/500"}],"wp:featuredmedia":[{"embeddable":true,"href":"https:\/\/epa.de\/filter\/en\/wp-json\/wp\/v2\/media\/499"}],"wp:attachment":[{"href":"https:\/\/epa.de\/filter\/en\/wp-json\/wp\/v2\/media?parent=68"}],"wp:term":[{"taxonomy":"category","embeddable":true,"href":"https:\/\/epa.de\/filter\/en\/wp-json\/wp\/v2\/categories?post=68"},{"taxonomy":"post_tag","embeddable":true,"href":"https:\/\/epa.de\/filter\/en\/wp-json\/wp\/v2\/tags?post=68"}],"curies":[{"name":"wp","href":"https:\/\/api.w.org\/{rel}","templated":true}]}}