{"id":3069,"date":"2019-09-17T15:49:38","date_gmt":"2019-09-17T13:49:38","guid":{"rendered":"https:\/\/epa.de\/filter\/de\/?p=3069"},"modified":"2019-11-05T11:41:24","modified_gmt":"2019-11-05T10:41:24","slug":"fmb-in-bad-salzuflen-2019","status":"publish","type":"post","link":"https:\/\/epa.de\/filter\/de\/fmb-in-bad-salzuflen-2019\/","title":{"rendered":"FMB in Bad Salzuflen 2019"},"content":{"rendered":"<p>Auch 2019 zieht es uns wieder auf die FMB in Bad Salzuflen, wo wir vom <strong>6. bis 8. November<\/strong> ausstellen werden. Besuchen Sie uns doch an Stand 21-C6, wir w\u00fcrden uns freuen Sie dort begr\u00fc\u00dfen zu d\u00fcrfen!<\/p>\n<p>Weitere Besucherinformationen finden sie <a href=\"https:\/\/www.fmb-messe.de\/fuer-besucher\/wichtiges-auf-einen-blick\/\" rel=\"noopener noreferrer\" target=\"_blank\">hier<\/a>.<\/p>\n","protected":false},"excerpt":{"rendered":"<p>Auch 2019 zieht es uns wieder auf die FMB in Bad Salzuflen, wo wir vom 6. bis 8. November ausstellen werden. Besuchen Sie uns doch an Stand 21-C6, wir w\u00fcrden uns freuen Sie dort begr\u00fc\u00dfen zu d\u00fcrfen! Weitere Besucherinformationen finden sie hier.<\/p>\n","protected":false},"author":1,"featured_media":3073,"comment_status":"closed","ping_status":"closed","sticky":false,"template":"","format":"standard","meta":{"footnotes":""},"categories":[22],"tags":[],"class_list":["post-3069","post","type-post","status-publish","format-standard","has-post-thumbnail","hentry","category-messe-filter"],"publishpress_future_action":{"enabled":false,"date":"2026-05-05 13:06:29","action":"change-status","newStatus":"draft","terms":[],"taxonomy":"category","extraData":[]},"publishpress_future_workflow_manual_trigger":{"enabledWorkflows":[]},"_links":{"self":[{"href":"https:\/\/epa.de\/filter\/de\/wp-json\/wp\/v2\/posts\/3069","targetHints":{"allow":["GET"]}}],"collection":[{"href":"https:\/\/epa.de\/filter\/de\/wp-json\/wp\/v2\/posts"}],"about":[{"href":"https:\/\/epa.de\/filter\/de\/wp-json\/wp\/v2\/types\/post"}],"author":[{"embeddable":true,"href":"https:\/\/epa.de\/filter\/de\/wp-json\/wp\/v2\/users\/1"}],"replies":[{"embeddable":true,"href":"https:\/\/epa.de\/filter\/de\/wp-json\/wp\/v2\/comments?post=3069"}],"version-history":[{"count":4,"href":"https:\/\/epa.de\/filter\/de\/wp-json\/wp\/v2\/posts\/3069\/revisions"}],"predecessor-version":[{"id":3088,"href":"https:\/\/epa.de\/filter\/de\/wp-json\/wp\/v2\/posts\/3069\/revisions\/3088"}],"wp:featuredmedia":[{"embeddable":true,"href":"https:\/\/epa.de\/filter\/de\/wp-json\/wp\/v2\/media\/3073"}],"wp:attachment":[{"href":"https:\/\/epa.de\/filter\/de\/wp-json\/wp\/v2\/media?parent=3069"}],"wp:term":[{"taxonomy":"category","embeddable":true,"href":"https:\/\/epa.de\/filter\/de\/wp-json\/wp\/v2\/categories?post=3069"},{"taxonomy":"post_tag","embeddable":true,"href":"https:\/\/epa.de\/filter\/de\/wp-json\/wp\/v2\/tags?post=3069"}],"curies":[{"name":"wp","href":"https:\/\/api.w.org\/{rel}","templated":true}]}}