{"id":2687,"date":"2018-08-03T14:51:45","date_gmt":"2018-08-03T12:51:45","guid":{"rendered":"https:\/\/epa.de\/filter\/de\/?p=2687"},"modified":"2018-08-03T14:51:45","modified_gmt":"2018-08-03T12:51:45","slug":"erste-messe-2019-die-elektrotechnik-in-duesseldorf","status":"publish","type":"post","link":"https:\/\/epa.de\/filter\/de\/erste-messe-2019-die-elektrotechnik-in-duesseldorf\/","title":{"rendered":"Erste Messe 2019: Die elektrotechnik in D\u00fcsseldorf"},"content":{"rendered":"<p>Die Messeplanung f\u00fcr 2019 nimmt Gestalt an. Den Auftakt wird n\u00e4chstes Jahr die elektrotechnik in D\u00fcsseldorf machen.<\/p>\n<p>Die elektrotechnik ist die Fachmesse f\u00fcr Geb\u00e4ude-, Industrie-, Energie und Lichttechnik! Vom 13. bis 15. Februar 2019 \u00f6ffnet sie zum 42. Mal ihre Tore und bietet in f\u00fcnf Messehallen mit ihrer Kombination aus zentralem Standort und bestem Service einen umfassenden Blick auf die gesamte Bandbreite der Anwendungstechnik.<\/p>\n","protected":false},"excerpt":{"rendered":"<p>Die Messeplanung f\u00fcr 2019 nimmt Gestalt an. Den Auftakt wird n\u00e4chstes Jahr die elektrotechnik in D\u00fcsseldorf machen. Die elektrotechnik ist die Fachmesse f\u00fcr Geb\u00e4ude-, Industrie-, Energie und Lichttechnik! Vom 13. bis 15. Februar 2019 \u00f6ffnet sie zum 42. Mal ihre Tore und bietet in f\u00fcnf Messehallen mit ihrer Kombination aus zentralem Standort und bestem Service [&hellip;]<\/p>\n","protected":false},"author":1,"featured_media":2689,"comment_status":"closed","ping_status":"closed","sticky":false,"template":"","format":"standard","meta":{"footnotes":""},"categories":[22],"tags":[37,39,4,40],"class_list":["post-2687","post","type-post","status-publish","format-standard","has-post-thumbnail","hentry","category-messe-filter","tag-duesseldorf","tag-elektrotechnik","tag-messe","tag-westfalenhalle"],"publishpress_future_action":{"enabled":false,"date":"2026-05-05 13:02:02","action":"change-status","newStatus":"draft","terms":[],"taxonomy":"category","extraData":[]},"publishpress_future_workflow_manual_trigger":{"enabledWorkflows":[]},"_links":{"self":[{"href":"https:\/\/epa.de\/filter\/de\/wp-json\/wp\/v2\/posts\/2687","targetHints":{"allow":["GET"]}}],"collection":[{"href":"https:\/\/epa.de\/filter\/de\/wp-json\/wp\/v2\/posts"}],"about":[{"href":"https:\/\/epa.de\/filter\/de\/wp-json\/wp\/v2\/types\/post"}],"author":[{"embeddable":true,"href":"https:\/\/epa.de\/filter\/de\/wp-json\/wp\/v2\/users\/1"}],"replies":[{"embeddable":true,"href":"https:\/\/epa.de\/filter\/de\/wp-json\/wp\/v2\/comments?post=2687"}],"version-history":[{"count":4,"href":"https:\/\/epa.de\/filter\/de\/wp-json\/wp\/v2\/posts\/2687\/revisions"}],"predecessor-version":[{"id":2692,"href":"https:\/\/epa.de\/filter\/de\/wp-json\/wp\/v2\/posts\/2687\/revisions\/2692"}],"wp:featuredmedia":[{"embeddable":true,"href":"https:\/\/epa.de\/filter\/de\/wp-json\/wp\/v2\/media\/2689"}],"wp:attachment":[{"href":"https:\/\/epa.de\/filter\/de\/wp-json\/wp\/v2\/media?parent=2687"}],"wp:term":[{"taxonomy":"category","embeddable":true,"href":"https:\/\/epa.de\/filter\/de\/wp-json\/wp\/v2\/categories?post=2687"},{"taxonomy":"post_tag","embeddable":true,"href":"https:\/\/epa.de\/filter\/de\/wp-json\/wp\/v2\/tags?post=2687"}],"curies":[{"name":"wp","href":"https:\/\/api.w.org\/{rel}","templated":true}]}}