{"id":2325,"date":"2017-03-06T16:32:01","date_gmt":"2017-03-06T15:32:01","guid":{"rendered":"https:\/\/epa.de\/filter\/de\/?p=2325"},"modified":"2019-08-01T15:55:24","modified_gmt":"2019-08-01T13:55:24","slug":"emv-messe-vom-28-30-maerz-in-stuttgart","status":"publish","type":"post","link":"https:\/\/epa.de\/filter\/de\/emv-messe-vom-28-30-maerz-in-stuttgart\/","title":{"rendered":"EMV Messe vom 28. &#8211; 30. M\u00e4rz in Stuttgart"},"content":{"rendered":"<p>Auch in diesem Jahr wird die EPA GmbH wieder auf der <strong>EMV<\/strong>, der internationalen Fachmesse f\u00fcr elektromagnetische Vertr\u00e4glichkeit, ausstellen. Als Highlight pr\u00e4sentieren wir unseren neuen <strong><a href=\"https:\/\/epa.de\/filter\/de\/produkte\/absorptionsfilter\/\">Absorptionsfilter AF-BCR<\/a><\/strong>. Besuchen Sie uns <strong>zwischen dem 28. und 30. M\u00e4rz<\/strong> im internationalen Congresscenter Stuttgart, <strong>Halle C2 &#8211; Stand 107<\/strong>, und erfahren Sie, wie Sie <strong>Lagersch\u00e4den und EMV-St\u00f6rungen<\/strong> wirksam vermeiden k\u00f6nnen.<\/p>\n","protected":false},"excerpt":{"rendered":"<p>Auch in diesem Jahr wird die EPA GmbH wieder auf der EMV, der internationalen Fachmesse f\u00fcr elektromagnetische Vertr\u00e4glichkeit, ausstellen. Als Highlight pr\u00e4sentieren wir unseren neuen Absorptionsfilter AF-BCR. Besuchen Sie uns zwischen dem 28. und 30. M\u00e4rz im internationalen Congresscenter Stuttgart, Halle C2 &#8211; Stand 107, und erfahren Sie, wie Sie Lagersch\u00e4den und EMV-St\u00f6rungen wirksam vermeiden [&hellip;]<\/p>\n","protected":false},"author":1,"featured_media":2337,"comment_status":"open","ping_status":"open","sticky":false,"template":"","format":"standard","meta":{"footnotes":""},"categories":[22],"tags":[],"class_list":["post-2325","post","type-post","status-publish","format-standard","has-post-thumbnail","hentry","category-messe-filter"],"publishpress_future_action":{"enabled":false,"date":"2026-05-02 11:38:00","action":"change-status","newStatus":"draft","terms":[],"taxonomy":"category","extraData":[]},"publishpress_future_workflow_manual_trigger":{"enabledWorkflows":[]},"_links":{"self":[{"href":"https:\/\/epa.de\/filter\/de\/wp-json\/wp\/v2\/posts\/2325","targetHints":{"allow":["GET"]}}],"collection":[{"href":"https:\/\/epa.de\/filter\/de\/wp-json\/wp\/v2\/posts"}],"about":[{"href":"https:\/\/epa.de\/filter\/de\/wp-json\/wp\/v2\/types\/post"}],"author":[{"embeddable":true,"href":"https:\/\/epa.de\/filter\/de\/wp-json\/wp\/v2\/users\/1"}],"replies":[{"embeddable":true,"href":"https:\/\/epa.de\/filter\/de\/wp-json\/wp\/v2\/comments?post=2325"}],"version-history":[{"count":8,"href":"https:\/\/epa.de\/filter\/de\/wp-json\/wp\/v2\/posts\/2325\/revisions"}],"predecessor-version":[{"id":2333,"href":"https:\/\/epa.de\/filter\/de\/wp-json\/wp\/v2\/posts\/2325\/revisions\/2333"}],"wp:featuredmedia":[{"embeddable":true,"href":"https:\/\/epa.de\/filter\/de\/wp-json\/wp\/v2\/media\/2337"}],"wp:attachment":[{"href":"https:\/\/epa.de\/filter\/de\/wp-json\/wp\/v2\/media?parent=2325"}],"wp:term":[{"taxonomy":"category","embeddable":true,"href":"https:\/\/epa.de\/filter\/de\/wp-json\/wp\/v2\/categories?post=2325"},{"taxonomy":"post_tag","embeddable":true,"href":"https:\/\/epa.de\/filter\/de\/wp-json\/wp\/v2\/tags?post=2325"}],"curies":[{"name":"wp","href":"https:\/\/api.w.org\/{rel}","templated":true}]}}