{"id":1620,"date":"2016-03-18T10:39:56","date_gmt":"2016-03-18T09:39:56","guid":{"rendered":"https:\/\/epa.de\/filter\/de\/?p=1620"},"modified":"2019-08-01T16:29:17","modified_gmt":"2019-08-01T14:29:17","slug":"drei-fachartikel-ueber-den-ableitstrom","status":"publish","type":"post","link":"https:\/\/epa.de\/filter\/de\/drei-fachartikel-ueber-den-ableitstrom\/","title":{"rendered":"Drei Fachartikel \u00fcber den Ableitstrom"},"content":{"rendered":"<p>Auch wenn gesetzliche Rahmenbedingungen und der Fortschritt in der Antriebstechnik das Thema Ableitstrom in den vergangenen Jahren immer st\u00e4rker in das Bewusstsein von <strong>Anlagenbetreibern<\/strong> gerufen haben, ist es nach wie vor eines mit erh\u00f6htem Informations- und Erkl\u00e4rungsbedarf: Was ist der Unterschied zwischen einem <strong>betriebsbedingten<\/strong> und einem <strong>fehlerbedingten<\/strong> Ableitstrom? Wie entstehen diese \u00fcberhaupt und wie wird man ihrer Herr? Wie kann, darf und muss man eine Anlage absichern und wie sind diese Ma\u00dfnahmen mit einer <strong>m\u00f6glichst hohen Anlagenverf\u00fcgbarkeit<\/strong> in Einklang zu bringen? &#8211; Diese Fragen waren k\u00fcrzlich Gegenstand von drei Fachartikeln zum Thema Ableitstrom, die wir hier dankenswerterweise ver\u00f6ffentlichen d\u00fcrfen:<\/p>\n<ul>\n<li><a href=\"https:\/\/epa.de\/download\/de\/14_Fachartikel\/14.3_Ableitstrom\/EPA_Kompensation_statt_Resignation_SPS-MAGAZIN_S:2015.pdf\" target=\"_blank\" rel=\"noopener noreferrer\">Kompensation statt Resignation<\/a> (SPS-MAGAZIN SPS Special 2015)<\/li>\n<li><a href=\"https:\/\/epa.de\/download\/de\/14_Fachartikel\/14.3_Ableitstrom\/EPA_Ableitstromkompensation_in_Netzen..._ABsolut:B%C3%BCrkle_1:2016.pdf\" target=\"_blank\" rel=\"noopener noreferrer\">Ableitstromkompensation in Netzen mit Servo-Antrieben und Frequenzumrichtern<\/a> (Alexander B\u00fcrkle Kundenmagazin ABsolut 1\/2016)<\/li>\n<li><a href=\"https:\/\/epa.de\/download\/de\/14_Fachartikel\/14.3_Ableitstrom\/EPA_Ableitstrom%20kompensieren..._ElektronikPraxis_2:2016.pdf\" target=\"_blank\" rel=\"noopener noreferrer\">Ableitstrom kompensieren und Anlagenverf\u00fcgbarkeit erh\u00f6hen<\/a> (Elektronik Praxis EP 002 2016)<\/li>\n<\/ul>\n","protected":false},"excerpt":{"rendered":"<p>Auch wenn gesetzliche Rahmenbedingungen und der Fortschritt in der Antriebstechnik das Thema Ableitstrom in den vergangenen Jahren immer st\u00e4rker in das Bewusstsein von Anlagenbetreibern gerufen haben, ist es nach wie vor eines mit erh\u00f6htem Informations- und Erkl\u00e4rungsbedarf: Was ist der Unterschied zwischen einem betriebsbedingten und einem fehlerbedingten Ableitstrom? Wie entstehen diese \u00fcberhaupt und wie wird [&hellip;]<\/p>\n","protected":false},"author":1,"featured_media":1629,"comment_status":"open","ping_status":"open","sticky":false,"template":"","format":"standard","meta":{"footnotes":""},"categories":[1],"tags":[],"class_list":["post-1620","post","type-post","status-publish","format-standard","has-post-thumbnail","hentry","category-allgemein"],"publishpress_future_action":{"enabled":false,"date":"2026-05-05 15:48:24","action":"change-status","newStatus":"draft","terms":[],"taxonomy":"category","extraData":[]},"publishpress_future_workflow_manual_trigger":{"enabledWorkflows":[]},"_links":{"self":[{"href":"https:\/\/epa.de\/filter\/de\/wp-json\/wp\/v2\/posts\/1620","targetHints":{"allow":["GET"]}}],"collection":[{"href":"https:\/\/epa.de\/filter\/de\/wp-json\/wp\/v2\/posts"}],"about":[{"href":"https:\/\/epa.de\/filter\/de\/wp-json\/wp\/v2\/types\/post"}],"author":[{"embeddable":true,"href":"https:\/\/epa.de\/filter\/de\/wp-json\/wp\/v2\/users\/1"}],"replies":[{"embeddable":true,"href":"https:\/\/epa.de\/filter\/de\/wp-json\/wp\/v2\/comments?post=1620"}],"version-history":[{"count":10,"href":"https:\/\/epa.de\/filter\/de\/wp-json\/wp\/v2\/posts\/1620\/revisions"}],"predecessor-version":[{"id":3030,"href":"https:\/\/epa.de\/filter\/de\/wp-json\/wp\/v2\/posts\/1620\/revisions\/3030"}],"wp:featuredmedia":[{"embeddable":true,"href":"https:\/\/epa.de\/filter\/de\/wp-json\/wp\/v2\/media\/1629"}],"wp:attachment":[{"href":"https:\/\/epa.de\/filter\/de\/wp-json\/wp\/v2\/media?parent=1620"}],"wp:term":[{"taxonomy":"category","embeddable":true,"href":"https:\/\/epa.de\/filter\/de\/wp-json\/wp\/v2\/categories?post=1620"},{"taxonomy":"post_tag","embeddable":true,"href":"https:\/\/epa.de\/filter\/de\/wp-json\/wp\/v2\/tags?post=1620"}],"curies":[{"name":"wp","href":"https:\/\/api.w.org\/{rel}","templated":true}]}}